{"id":445,"date":"2023-10-08T15:38:16","date_gmt":"2023-10-08T13:38:16","guid":{"rendered":"http:\/\/www.lemarchenoir.org\/new\/?p=445"},"modified":"2024-09-09T12:14:20","modified_gmt":"2024-09-09T10:14:20","slug":"zoon-02-11-nov-%e2%99%a0-2023","status":"publish","type":"post","link":"http:\/\/www.lemarchenoir.org\/new\/zoon-02-11-nov-%e2%99%a0-2023\/","title":{"rendered":"Z\u00f4on \u2014 02 &#8211; 11 nov. \u2660 2023"},"content":{"rendered":"","protected":false},"excerpt":{"rendered":"","protected":false},"author":1,"featured_media":569,"comment_status":"closed","ping_status":"closed","sticky":false,"template":"","format":"standard","meta":[],"categories":[6],"tags":[],"grid":"{\r\n  \"colCount\": 20,\r\n  \"colGutter\": 3,\r\n  \"rowGutters\": [\r\n    1,\r\n    1,\r\n    1,\r\n    1,\r\n    1\r\n  ],\r\n  \"frameMargin\": 5,\r\n  \"leftFrameMargin\": 3,\r\n  \"rightFrameMargin\": 3,\r\n  \"topFrameMargin\": 150,\r\n  \"bottomFrameMargin\": 5,\r\n  \"rowAttrs\": [\r\n    {\r\n      \"relid\": 7\r\n    },\r\n    {\r\n      \"relid\": 14\r\n    },\r\n    {\r\n      \"relid\": 15\r\n    },\r\n    {\r\n      \"relid\": 6\r\n    },\r\n    {\r\n      \"relid\": 607\r\n    },\r\n    {\r\n      \"relid\": 16\r\n    }\r\n  ],\r\n  \"bgColor\": null,\r\n  \"cont\": [\r\n    {\r\n      \"type\": \"img\",\r\n      \"cont\": \"\/wp-content\/uploads\/2023\/10\/zoon-bestiare-postweb.jpg\",\r\n      \"align\": \"top\",\r\n      \"row\": 0,\r\n      \"col\": 0,\r\n      \"colspan\": 9,\r\n      \"offsetx\": 3,\r\n      \"offsety\": 0,\r\n      \"spaceabove\": 0,\r\n      \"spacebelow\": 0,\r\n      \"yvel\": 1,\r\n      \"push\": 0,\r\n      \"relid\": 528,\r\n      \"attid\": 575,\r\n      \"sizes\": {\r\n        \"full\": \"\/wp-content\/uploads\/2023\/10\/zoon-bestiare-postweb.jpg\",\r\n        \"_1280\": \"\/wp-content\/uploads\/2023\/10\/zoon-bestiare-postweb-1280x1792.jpg\",\r\n        \"_1024\": \"\/wp-content\/uploads\/2023\/10\/zoon-bestiare-postweb-1024x1433.jpg\",\r\n        \"_768\": \"\/wp-content\/uploads\/2023\/10\/zoon-bestiare-postweb-768x1075.jpg\",\r\n        \"_512\": \"\/wp-content\/uploads\/2023\/10\/zoon-bestiare-postweb-512x717.jpg\",\r\n        \"_265\": \"\/wp-content\/uploads\/2023\/10\/zoon-bestiare-postweb-265x371.jpg\"\r\n      },\r\n      \"w\": 1418,\r\n      \"h\": 1985,\r\n      \"ar\": 1.3998589562764456,\r\n      \"alt\": \"\",\r\n      \"absolute_position\": false,\r\n      \"frameOverflow\": \"\"\r\n    },\r\n    {\r\n      \"type\": \"text\",\r\n      \"cont\": \"<h1 class=\\\"_Gros_Titre\\\"><strong><span>Z\u00d4ON<\/span><\/strong><span><br \/>02 - 11 nov. \u2660 2023<\/span><br \/><span>H\u00f4tel Pasteur - Rennes<\/span><\/h1><p>\u00a0<\/p><p>Bienvenue au <strong>Z\u00f4on<\/strong>, un \u00e9v\u00e9nement \u00e9lev\u00e9 par <strong>Animal Debout<\/strong> et le <strong>March\u00e9 Noir<\/strong>.<br \/>Z\u00f4on veut dire vivant en grec et d\u00e9signe le vivant en g\u00e9n\u00e9ral, un \u00eatre anim\u00e9 par une \u00e2me.<\/p><p>Cette ann\u00e9e le March\u00e9 Noir a r\u00e9alis\u00e9 une r\u00e9sidence d\u2019artistes dans ses locaux \u00e0 Villejean. En invitant l\u2019artiste <strong>Phileas Dog<\/strong>, nous avons mis la question du bestiaire \u00e0 l\u2019honneur. Pour enrichir et \u00e9toffer cette exp\u00e9rience, les r\u00e9sidents ont convi\u00e9 Animal Debout \u00e0 se joindre \u00e0 cette r\u00e9flexion et penser cette programmation \u00e0 l\u2019H\u00f4tel Pasteur.<\/p><p>Ces deux associations rennaises ont pour missions communes de d\u00e9velopper des projets autour des arts graphiques, de l\u2019\u00e9dition et de l\u2019\u00e9criture.<\/p><p>Pour Z\u00f4on, Animal Debout propose des lectures, des courts-m\u00e9trages, des performances qui interrogent les liens multiples qui se tissent entre humains et non humains. Dans le m\u00eame \u00e9tat d\u2019esprit, l\u2019exposition propose une approche personnelle et collective sur l\u2019animalit\u00e9<\/p>\",\r\n      \"align\": \"top\",\r\n      \"row\": 0,\r\n      \"col\": 9,\r\n      \"colspan\": 9,\r\n      \"offsetx\": 3,\r\n      \"offsety\": 0,\r\n      \"spaceabove\": 0,\r\n      \"spacebelow\": 0,\r\n      \"yvel\": 1,\r\n      \"push\": 0,\r\n      \"relid\": 526,\r\n      \"absolute_position\": false\r\n    },\r\n    {\r\n      \"type\": \"hr\",\r\n      \"cont\": \"\",\r\n      \"align\": \"top\",\r\n      \"row\": 1,\r\n      \"col\": 0,\r\n      \"colspan\": 19,\r\n      \"offsetx\": 3,\r\n      \"offsety\": 0,\r\n      \"spaceabove\": 0,\r\n      \"spacebelow\": 0,\r\n      \"yvel\": 1,\r\n      \"push\": 0,\r\n      \"relid\": 12,\r\n      \"frameOverflow\": \"\",\r\n      \"absolute_position\": false\r\n    },\r\n    {\r\n      \"type\": \"text\",\r\n      \"cont\": \"<p><span style=\\\"font-size: 23px;\\\"><b>Jeu. 02 nov. \u2022 18h \u2014 22h<\/b><\/span><\/p><p><strong>\u2192 18H30 : Vernissage de l\u2019exposition<\/strong><\/p><p><strong>\u2192 19H30 : La Hy\u00e8ne sanglote<br \/><\/strong><span>Lecture-spectacle \u2022 20\u2019<br \/><\/span><span>texte : Centaur\u00e9e Bot - lecture : Laurie Soulabaille<br \/><\/span><span>cr\u00e9ation visuelle <\/span><span>et sonore<\/span><span> : Frank Lawrence<br \/><\/span><span style=\\\"font-size: 16px;\\\">La Hy\u00e8ne sanglote de Centaur\u00e9e Bot rapporte la vision po\u00e9tique des d\u00e9ambulations dans le paysage de la Hy\u00e8ne Charcoal, cr\u00e9ature invent\u00e9e de toutes pi\u00e8ces, qui suit une trajectoire solitaire sur des territoires aux latitudes oppos\u00e9es. Image adress\u00e9e aux vieillards qui doivent apprendre \u00e0 mourir, la hy\u00e8ne \u00ab charbon \u00bb est un passeur qui existe dans un paysage que l\u2019homme s\u2019invente pour accepter sa finitude.<\/span><\/p><p><strong>\u2192 19h50 : Les Antilopes<br \/><\/strong><span>Projection \u2022 Maxime Martinot, 8\u201920, 2020<br \/><\/span><span style=\\\"font-size: 16px;\\\">Un jour, il y a cent cinquante ans, des milliers d\u2019antilopes se sont jet\u00e9es ensemble dans la mer.<\/span><\/p><p><strong>\u2192 20h : Rencontre avec Centaur\u00e9e Bot<br \/><\/strong><span>Discussion \u00e0 propos des animaux que l\u2019on voit, auxquels on r\u00eave, qui nous habitent et dont on tente, par les images et par les mots, de saisir les \u00e2mes.<\/span><\/p><p><span>\u2192 21h - 22h : Concert<\/span><\/p>\",\r\n      \"align\": \"top\",\r\n      \"row\": 2,\r\n      \"col\": 0,\r\n      \"colspan\": 6,\r\n      \"offsetx\": 3,\r\n      \"offsety\": 0,\r\n      \"spaceabove\": 0,\r\n      \"spacebelow\": 0,\r\n      \"yvel\": 1,\r\n      \"push\": 0,\r\n      \"relid\": 5,\r\n      \"absolute_position\": false\r\n    },\r\n    {\r\n      \"type\": \"text\",\r\n      \"cont\": \"<p><span style=\\\"font-size: 23px;\\\"><strong>Sam. 04 nov. \u2022 Zoofolies \u2022 17h \u2014 22h<\/strong><\/span><\/p><p><span style=\\\"font-size: 16px;\\\">Une journ\u00e9e d\u2019\u00e9changes autour de la sant\u00e9 mentale consid\u00e9r\u00e9e depuis l\u2019animalit\u00e9.<br \/>En partenariat avec la R22, webradio des arts et du commun*<br \/>Pour ce plateau du Tout-monde, la R22 et Animal Debout invitent le public, des artistes et des scientifiques des professionnel.les \u00e0 se questionner ensemble sur les conditions de nos \u00e9quilibres psychiques, humains et non humains, et sur les forces vitales qui nous lient.<br \/><\/span><span style=\\\"font-size: 12px;\\\">*Cette programmation s\u2019inscrit dans un cycle d\u2019\u00e9changes et d\u2019\u00e9v\u00e8nements engag\u00e9s par la R22 en mai 2023 pour explorer la question de la sant\u00e9 mentale \u00e0 travers diff\u00e9rents contextes et lieux.<\/span><\/p><p><span><strong>\u2192 17h00 : Les Dimanches, surtout<\/strong><br \/><\/span><span>Lecture \u2022 Anouch Par\u00e9, 10\u2019<br \/><\/span><span style=\\\"font-size: 16px;\\\">Dans <i>Les <\/i><i>D<\/i><i>imanches, surtout<\/i><i>,<\/i> l\u2019autrice Anouch Par\u00e9 met en sc\u00e8ne, dans une cage de zoo, une cr\u00e9ature dont la nature est ambigu\u00eb : humaine ou non humaine, le texte ne le dit pas, mais ce qu\u2019il dit c\u2019est l\u2019exposition forc\u00e9e et l\u2019impudeur, l\u2019objectivation de l\u2019\u00eatre qui dispara\u00eet derri\u00e8re son corps mesur\u00e9, compar\u00e9, exhib\u00e9 pour satisfaire des envies d\u2019exotisme.<\/span><\/p><p><strong>\u2192 17h20<\/strong><span><strong> : Zoo Pharmakon<\/strong><br \/><\/span><span>Ecoute collective : Sarah Fautr\u00e9 et Mira Goldwicht, 50\u2019, 2016<br \/><\/span><span style=\\\"font-size: 16px;\\\">Zoo Pharmakon\u00ae appartient \u00e0 la famille des documentaires radiophoniques, avec comme principe actif des paroles d\u2019experts en sant\u00e9 mentale, de philosophes, de v\u00e9t\u00e9rinaires et de propri\u00e9taires d\u2019animaux. Cette cr\u00e9ation sonore est destin\u00e9e \u00e0 alimenter une r\u00e9flexion sur l\u2019usage des m\u00e9dicaments en partant de notre relation \u00e0 l\u2019animal.<\/span><\/p><p><strong>\u2192 18h00 - 19h30 : <\/strong><span><strong>Un esprit chien dans un corps chien<\/strong><br \/><\/span><span>Discussion : <\/span><span>Avec Sandrine Willems, Thierry Bedossa et Sandrine Lefevre<br \/><\/span><span style=\\\"font-size: 16px;\\\">L\u2019animal th\u00e9rapeute, c\u2019est le parti pris de la zooth\u00e9rapie ou m\u00e9diation animale : quand l\u2019homme, souffrant, renoue avec des affects positifs au contact de chiens, chats, chevaux\u2026Mais lorsque ce sont les animaux qui souffrent, quels soins leur sont-ils apport\u00e9s ? Au-del\u00e0 des gestes techniques du v\u00e9t\u00e9rinaire, quelle consid\u00e9ration pour leurs \u00e9tats d\u2019\u00e2me ? Une discussion en miroir sur la sant\u00e9 des corps et des esprits animaux, humains et non humains.<\/span><strong><\/strong><\/p><p><span><strong>\u2192 20h : Churchill, la ville des ours polaires<\/strong><br \/>Projection : Annabelle Amoros, 38\u2019, 2021<br \/><\/span><span style=\\\"font-size: 16px;\\\">Tous les ans, dans le nord du Canada, les ours polaires migrent vers la baie d\u2019Hudson afin d\u2019y chasser le phoque. D\u2019octobre \u00e0 novembre, en attendant que la banquise se forme, ils prennent leurs quartiers aux abords de la ville de Churchill \u2013 800 habitants. Longtemps chass\u00e9s, d\u00e9sormais stars des safaris, les ours sont devenus une attraction touristique, et donc une rente consid\u00e9rable pour Churchill. La petite ville illustre alors singuli\u00e8rement la complexit\u00e9 de notre rapport au monde sauvage.<\/span><\/p>\",\r\n      \"align\": \"top\",\r\n      \"row\": 2,\r\n      \"col\": 6,\r\n      \"colspan\": 6,\r\n      \"offsetx\": 3,\r\n      \"offsety\": 0,\r\n      \"spaceabove\": 0,\r\n      \"spacebelow\": 0,\r\n      \"yvel\": 1,\r\n      \"push\": 0,\r\n      \"relid\": 8,\r\n      \"absolute_position\": false\r\n    },\r\n    {\r\n      \"type\": \"text\",\r\n      \"cont\": \"<p><span style=\\\"font-size: 23px;\\\"><strong>Mer. 08 nov. \u2022 16h \u2014 22h<\/strong><\/span><\/p><p><strong>\u2192 19h : L\u2019\u00e9quilibre<\/strong><br \/>Lecture musicale \u2022 Arthur Wilmotte, 10\u2019<br \/>Lancement d\u2019\u00e9dition \u2022 Estelle Ribeyre<br \/><span style=\\\"font-size: 16px;\\\">Auteur et musicien, Arthur Wilmotte lira, en s\u2019accompagnant d\u2019une harpe, ce court texte tout juste paru aux \u00e9ditions Animal Debout. \u00c9criture proche du ha\u00efku, <i>L\u2019\u00e9quilibre<\/i> est un texte contemplatif qui nous invite \u00e0 suivre le vol plan\u00e9 d\u2019un h\u00e9ron au-dessus d\u2019un plan d\u2019eau.<br \/><\/span><span style=\\\"font-size: 16px;\\\">La lecture sera suivie d\u2019une pr\u00e9sentation du livre-objet cr\u00e9\u00e9 par l\u2019artiste et photographe Estelle Ribeyre \u00e0 partir du texte.<\/span><\/p><p><strong>\u2192 20h : Les Ruines Volontaires<\/strong><br \/>Lecture \u2022 Alexis Fichet, 15\u2019<br \/><span style=\\\"font-size: 16px;\\\">Les hommes, ayant pris conscience de leurs tendances colonisatrices et de leur pouvoir de nuisance, ont fait amende honorable et c\u00e9d\u00e9, volontairement, de la place aux animaux. \u00c0 Saint-Brieuc, en une d\u00e9cennie, faune et flore se r\u00e9installent.<\/span><\/p><p><strong>\u2192 20h20 : Territory<\/strong><br \/>Projection \u2022 Eleanor Mortimer, 18\u2019, 2016<br \/><span style=\\\"font-size: 16px;\\\">Le rocher de Gibraltar est partag\u00e9 entre deux esp\u00e8ces de primates : les hommes et les singes. Les singes ont peupl\u00e9 le rocher bien avant les derniers habitants humains, les Anglais, arriv\u00e9s il y a 300 ans. Depuis, les rapports sont tendus entre les deux. Les vaines tentatives d\u2019expulser les singes de la ville avec des sarbacanes augmentent les d\u00e9fis des singes qui d\u00e9veloppent de nouveaux jeux. Ceci m\u00e8ne le gouvernement \u00e0 recourir \u00e0 une tactique plus radicale...<\/span><\/p><p><strong>\u2192 20h40 : Rencontre avec Alexis Fichet, Arthur Wilmotte et Estelle Ribeyre<\/strong><\/p>\",\r\n      \"align\": \"top\",\r\n      \"row\": 2,\r\n      \"col\": 12,\r\n      \"colspan\": 6,\r\n      \"offsetx\": 3,\r\n      \"offsety\": 0,\r\n      \"spaceabove\": 0,\r\n      \"spacebelow\": 0,\r\n      \"yvel\": 1,\r\n      \"push\": 0,\r\n      \"relid\": 9,\r\n      \"absolute_position\": false\r\n    },\r\n    {\r\n      \"type\": \"hr\",\r\n      \"cont\": \"\",\r\n      \"align\": \"middle\",\r\n      \"row\": 3,\r\n      \"col\": 0,\r\n      \"colspan\": 20,\r\n      \"offsetx\": 0,\r\n      \"offsety\": 0,\r\n      \"spaceabove\": 0,\r\n      \"spacebelow\": 0,\r\n      \"yvel\": 1,\r\n      \"push\": 0,\r\n      \"relid\": 10,\r\n      \"absolute_position\": false,\r\n      \"frameOverflow\": \"\"\r\n    },\r\n    {\r\n      \"type\": \"img\",\r\n      \"cont\": \"\/wp-content\/uploads\/2022\/07\/zoon-residence-01.jpg\",\r\n      \"align\": \"top\",\r\n      \"row\": 4,\r\n      \"col\": 0,\r\n      \"colspan\": 7,\r\n      \"offsetx\": 0,\r\n      \"offsety\": 0,\r\n      \"spaceabove\": 0,\r\n      \"spacebelow\": 0,\r\n      \"yvel\": 1,\r\n      \"push\": 0,\r\n      \"relid\": 840,\r\n      \"attid\": 574,\r\n      \"sizes\": {\r\n        \"full\": \"\/wp-content\/uploads\/2022\/07\/zoon-residence-01.jpg\",\r\n        \"_1280\": \"\/wp-content\/uploads\/2022\/07\/zoon-residence-01-1280x3980.jpg\",\r\n        \"_1024\": \"\/wp-content\/uploads\/2022\/07\/zoon-residence-01-1024x3184.jpg\",\r\n        \"_768\": \"\/wp-content\/uploads\/2022\/07\/zoon-residence-01-768x2388.jpg\",\r\n        \"_512\": \"\/wp-content\/uploads\/2022\/07\/zoon-residence-01-512x1592.jpg\",\r\n        \"_265\": \"\/wp-content\/uploads\/2022\/07\/zoon-residence-01-265x824.jpg\"\r\n      },\r\n      \"w\": 1440,\r\n      \"h\": 4477,\r\n      \"ar\": 3.109027777777778,\r\n      \"alt\": \"\",\r\n      \"absolute_position\": false\r\n    },\r\n    {\r\n      \"type\": \"text\",\r\n      \"cont\": \"<p><strong><span style=\\\"font-size: 23px;\\\">Exposition \u2022 le march\u00e9 noir \u2022 02\u00a0 \u2014 11 nov.<\/span><\/strong><\/p><p><span>Pour cette ann\u00e9e 2023, le March\u00e9 Noir a re\u00e7u en r\u00e9sidence l\u2019artiste Phileas Dog. Membre fondatrice de l\u2019Atelier du Bourg, elle fonde en 2013 l\u2019atelier de s\u00e9rigraphie artisanale Phileas Dog Corporation. Install\u00e9e en Ard\u00e8che, elle dessine toute la journ\u00e9e et ne s\u2019arr\u00eate qu\u2019\u00e0 l\u2019heure du go\u00fbter ou pour faire de la s\u00e9rigraphie.<br \/><\/span><span>Cette exposition est la restitution d\u2019une ann\u00e9e d\u2019exp\u00e9rimentations et de cr\u00e9ations autour du bestiaire o\u00f9 Phileas Dog et quatre membres du March\u00e9 Noir ont jou\u00e9 avec diff\u00e9rentes techniques d\u2019impression. S\u00e9rigraphies, gravures et volumes proposent un regard sur l\u2019animalit\u00e9, sur le rapport entre le mort et le vivant, entre la r\u00e9alit\u00e9 et le simulacre.<\/span><\/p><p><span><strong>\u2192 Eric Mah\u00e9 :<\/strong><br \/><\/span><span style=\\\"font-size: 16px;\\\">Il semble que rien ne soit propre \u00e0 l\u2019homme, m\u00eame pas sa capacit\u00e9 \u00e0 construire. Un petit aper\u00e7u de modes constructifs propre aux vivants est donn\u00e9e \u00e0 voir.<\/span><\/p><p><span><strong>\u2192 Perrine Labat :<\/strong><br \/><\/span><span style=\\\"font-size: 16px;\\\">Viser de la plume, du poil, peu importe la cible, peu importe la pr\u00e9cision.<br \/>Envelopper des corps de nuisibles, r\u00e9v\u00e9ler l\u2019empreinte de leur invasion.<br \/>Voil\u00e0 deux installations qui ont en commun l\u2019absurde. L\u2019une sous le prisme du loisir. L\u2019autre sous le prisme du sacr\u00e9.<\/span><\/p><p><span><strong>\u2192 Maud Chatelier :<\/strong><br \/><\/span><span style=\\\"font-size: 16px;\\\">Collectionner les esp\u00e8ces rares, voici une activit\u00e9 humaine saugrenue. Avec des simulacres de papiers, une piste s\u2019est creus\u00e9e vers des territoires peupl\u00e9s d\u2019hybrides ; une ribambelle sans queue ni t\u00eate, sans foi ni loi.<\/span><\/p><p><span><strong>\u2192 Julien Lemi\u00e8re :<\/strong><br \/><\/span><span style=\\\"font-size: 16px;\\\">Zoos, parcs d\u2019attractions... Les animaux sont incarn\u00e9s dans la soci\u00e9t\u00e9 de consommation et de loisir du XXe si\u00e8cle. Quels en sont les vestiges et les traces de ces repr\u00e9sentations ? Qu\u2019\u00e9voquent-elles aujourd\u2019hui ?<\/span><\/p><p><span><strong>\u2192 Phileas Dog :<\/strong><br \/><\/span><span style=\\\"font-size: 16px;\\\">Une exploration ludique du packaging du XXe si\u00e8cle. Animaux en silhouette et \u00e9tiquettes s\u00e9rigraphi\u00e9es pour une s\u00e9lection de mat\u00e9riel de papeterie hors-normes.<\/span><\/p>\",\r\n      \"align\": \"top\",\r\n      \"row\": 4,\r\n      \"col\": 7,\r\n      \"colspan\": 12,\r\n      \"offsetx\": 0,\r\n      \"offsety\": 0,\r\n      \"spaceabove\": 0,\r\n      \"spacebelow\": 0,\r\n      \"yvel\": 1,\r\n      \"push\": 0,\r\n      \"relid\": 841,\r\n      \"absolute_position\": false,\r\n      \"frameOverflow\": \"\"\r\n    },\r\n    {\r\n      \"type\": \"hr\",\r\n      \"cont\": \"\",\r\n      \"align\": \"top\",\r\n      \"row\": 5,\r\n      \"col\": 0,\r\n      \"colspan\": 19,\r\n      \"offsetx\": 3,\r\n      \"offsety\": 0,\r\n      \"spaceabove\": 0,\r\n      \"spacebelow\": 0,\r\n      \"yvel\": 1,\r\n      \"push\": 0,\r\n      \"relid\": 11,\r\n      \"frameOverflow\": \"\",\r\n      \"absolute_position\": false\r\n    }\r\n  ]\r\n}","phonegrid":"","_links":{"self":[{"href":"http:\/\/www.lemarchenoir.org\/new\/wp-json\/wp\/v2\/posts\/445"}],"collection":[{"href":"http:\/\/www.lemarchenoir.org\/new\/wp-json\/wp\/v2\/posts"}],"about":[{"href":"http:\/\/www.lemarchenoir.org\/new\/wp-json\/wp\/v2\/types\/post"}],"author":[{"embeddable":true,"href":"http:\/\/www.lemarchenoir.org\/new\/wp-json\/wp\/v2\/users\/1"}],"replies":[{"embeddable":true,"href":"http:\/\/www.lemarchenoir.org\/new\/wp-json\/wp\/v2\/comments?post=445"}],"version-history":[{"count":0,"href":"http:\/\/www.lemarchenoir.org\/new\/wp-json\/wp\/v2\/posts\/445\/revisions"}],"wp:featuredmedia":[{"embeddable":true,"href":"http:\/\/www.lemarchenoir.org\/new\/wp-json\/wp\/v2\/media\/569"}],"wp:attachment":[{"href":"http:\/\/www.lemarchenoir.org\/new\/wp-json\/wp\/v2\/media?parent=445"}],"wp:term":[{"taxonomy":"category","embeddable":true,"href":"http:\/\/www.lemarchenoir.org\/new\/wp-json\/wp\/v2\/categories?post=445"},{"taxonomy":"post_tag","embeddable":true,"href":"http:\/\/www.lemarchenoir.org\/new\/wp-json\/wp\/v2\/tags?post=445"}],"curies":[{"name":"wp","href":"https:\/\/api.w.org\/{rel}","templated":true}]}}